{"id":3494,"date":"2025-11-26T16:31:53","date_gmt":"2025-11-26T16:31:53","guid":{"rendered":"https:\/\/seminterra.ch\/?p=3494"},"modified":"2025-11-26T16:33:09","modified_gmt":"2025-11-26T16:33:09","slug":"permacultura-in-svizzera-da-praz-bonjour-a-seminterra-rsi-ch","status":"publish","type":"post","link":"https:\/\/seminterra.ch\/?p=3494","title":{"rendered":"Permacultura in Svizzera: Da Praz Bonjour a Seminterra &#8211; rsi.ch"},"content":{"rendered":"<p><strong>Il documentario svizzero \u201cLe go\u00fbt de choses\u201d racconta un progetto agroecologico vaudese e pensa a un futuro per l\u2019agricoltura.<\/strong><\/p>\n<p><a href=\"https:\/\/seminterra.ch\/wp-content\/uploads\/2025\/11\/1820540-ywnmpr-Un-momento-della-raccolta-tra-la-coltivazione-dellassociazione-Seminterra.jpeg\"><img decoding=\"async\" class=\"aligncenter size-large wp-image-3495\" src=\"https:\/\/seminterra.ch\/wp-content\/uploads\/2025\/11\/1820540-ywnmpr-Un-momento-della-raccolta-tra-la-coltivazione-dellassociazione-Seminterra-1024x576.jpeg\" alt=\"\" width=\"1024\" height=\"576\" srcset=\"https:\/\/seminterra.ch\/wp-content\/uploads\/2025\/11\/1820540-ywnmpr-Un-momento-della-raccolta-tra-la-coltivazione-dellassociazione-Seminterra-200x112.jpeg 200w, https:\/\/seminterra.ch\/wp-content\/uploads\/2025\/11\/1820540-ywnmpr-Un-momento-della-raccolta-tra-la-coltivazione-dellassociazione-Seminterra-300x169.jpeg 300w, https:\/\/seminterra.ch\/wp-content\/uploads\/2025\/11\/1820540-ywnmpr-Un-momento-della-raccolta-tra-la-coltivazione-dellassociazione-Seminterra-400x225.jpeg 400w, https:\/\/seminterra.ch\/wp-content\/uploads\/2025\/11\/1820540-ywnmpr-Un-momento-della-raccolta-tra-la-coltivazione-dellassociazione-Seminterra-600x337.jpeg 600w, https:\/\/seminterra.ch\/wp-content\/uploads\/2025\/11\/1820540-ywnmpr-Un-momento-della-raccolta-tra-la-coltivazione-dellassociazione-Seminterra-768x432.jpeg 768w, https:\/\/seminterra.ch\/wp-content\/uploads\/2025\/11\/1820540-ywnmpr-Un-momento-della-raccolta-tra-la-coltivazione-dellassociazione-Seminterra-800x450.jpeg 800w, https:\/\/seminterra.ch\/wp-content\/uploads\/2025\/11\/1820540-ywnmpr-Un-momento-della-raccolta-tra-la-coltivazione-dellassociazione-Seminterra-1024x576.jpeg 1024w, https:\/\/seminterra.ch\/wp-content\/uploads\/2025\/11\/1820540-ywnmpr-Un-momento-della-raccolta-tra-la-coltivazione-dellassociazione-Seminterra-1200x675.jpeg 1200w, https:\/\/seminterra.ch\/wp-content\/uploads\/2025\/11\/1820540-ywnmpr-Un-momento-della-raccolta-tra-la-coltivazione-dellassociazione-Seminterra.jpeg 1300w\" sizes=\"(max-width: 1024px) 100vw, 1024px\" \/><\/a><\/p>\n<div class=\"flex flex-col gap-3 u-mt-almostFriends md:-g-margin print:mx-0\" data-v-d40f2ee7=\"\">\n<div class=\"c-article-image flex flex-col rounded overflow-hidden print:border print:border-neutral-300 print:rounded -g-indent print:border print:border-neutral-300 print:rounded\" data-v-d40f2ee7=\"\">\n<div class=\"flex flex-col flex-1 items-start gap-y-2 px-4 xl:px-5 pt-4 pb-4.5 bg-white\">\n<div class=\"c-article-media-heading flex flex-col gap-y-2\">\n<div class=\"flex flex-col gap-y-1.5 print:gap-y-0.5\">\n<div>\n<p class=\"text-sm print:text-[10px] text-neutral-700 font-light leading-normal\">Un momento della raccolta tra la coltivazione dell&#8217;associazione Seminterra. \u00a9 Ti-Press \/ Samuel Golay<\/p>\n<\/div>\n<\/div>\n<\/div>\n<\/div>\n<\/div>\n<\/div>\n<div class=\"\" data-v-d40f2ee7=\"\">\n<div class=\"s-article_body relative all-visible\" data-v-d40f2ee7=\"\">\n<section data-v-d40f2ee7=\"\">\n<div class=\"c-article-body\" data-v-d40f2ee7=\"\">\n<div class=\"c-article-credits c-article-body_item\">\n<div class=\"py-4 text-sm print:text-[10px] font-light border-y border-neutral-300\"><a href=\"https:\/\/www.rsi.ch\/food\/extra\/Permacultura-in-Svizzera-Da-Praz-Bonjour-a-Seminterra--3301904.html\">Di:\u00a0<span class=\"font-medium\">Emma Berger \/ RSI FOOD<\/span><\/a><\/div>\n<\/div>\n<div id=\"2acd4730-facd-4a22-87ae-b6c146dd8598\" class=\"c-article-paragraph u-article-paragraph c-article-body_item\">\n<div>\n<p>Il 17 settembre \u00e8 uscito il documentario svizzero \u201c<b>Le go\u00fbt de choses<\/b>\u201d, del regista <b>Alain Wirth<\/b>, che ha seguito per un anno <b>Pierre Gilles Sthioul<\/b> e <b>Antoine Meier<\/b>, due quarantenni che hanno deciso di ripartire da zero per fondare <i><a href=\"https:\/\/praz-bonjour.ch\/\" target=\"_blank\" rel=\"noopener\"><b>Praz Bonjour<\/b><\/a><\/i>, un\u2019azienda agricola di stampo permaculturale, sul <b>Lago Lemano a Blonay<\/b>.<br \/>\nWirth ha raccontato ai microfoni della <a href=\"https:\/\/www.rts.ch\/audio-podcast\/2025\/audio\/l-invite-alain-wirth-le-gout-des-choses-29008059.html\" target=\"_blank\" rel=\"noopener\">RTS, per la trasmissione Vertigo<\/a>, che ha deciso di dedicare un documentario al loro progetto dopo averli visitati per girare un breve video. Poi si \u00e8 <b>innamorato del posto<\/b> e <b>meravigliato dalla potenza del lavoro<\/b> che c\u2019era dietro l\u2019azienda.<\/p>\n<\/div>\n<\/div>\n<div id=\"08126de7-38b5-4d6d-bc5e-cb2766028b9d\" class=\"c-article-paragraph u-article-paragraph c-article-body_item\">\n<div>\n<p>Racconta che i due hanno avuto una presa di coscienza quando sono diventati <b>padri<\/b>, poich\u00e9 hanno sentito la <b>necessit\u00e0 di fare qualcosa di concreto<\/b>; dare un buon esempio alle loro figlie e <b>andare oltre alle \u201cgrandi teorie\u201d<\/b>.<\/p>\n<\/div>\n<\/div>\n<div id=\"77e52e4a-3556-4baa-8291-8dbeb8b621e4\" class=\"c-article-heading u-article-heading c-article-body_item\">\n<h4 class=\"inline\">A Praz Bonjour si fa permacultura come da Seminterra<\/h4>\n<\/div>\n<div id=\"8e725f22-656b-4ca4-a71f-024c8592cd2b\" class=\"c-article-paragraph u-article-paragraph c-article-body_item\">\n<div>\n<p><i>Praz Bonjour<\/i> \u00e8 nato nel <b>2021<\/b>, con l\u2019intento di creare un <b>sistema di produzione il meno invasivo possibile<\/b>: i due fondatori hanno trasformato due ettari e mezzo di terreno in un \u201c<b>orticoltura selvaggia<\/b>\u201d, cercando quindi di produrre ortaggi senza stravolgere il paesaggio e integrandosi il pi\u00f9 possibile con la natura.<\/p>\n<\/div>\n<\/div>\n<div id=\"3cf988af-a917-4a84-b5c0-79d812ae4fc8\" class=\"c-article-paragraph u-article-paragraph c-article-body_item\">\n<div>\n<p>Il loro \u00e8 un modo di fare agricoltura in linea con i principi della <b>permacultura<\/b>, un sistema che vuole creare insediamenti umani sostenibili, basati <b>sul rispetto e sull\u2019osservazione della natura e dei suoi ecosistemi<\/b>. \u00c8 un metodo che prende in considerazione <b>tutti gli organismi e risorse presenti<\/b>, che siano animali, piante, insetti, acqua, suolo, e che cerca di seguire il loro ciclo piuttosto che lavorarci contro.<br \/>\nNon utilizzano prodotti fitosanitari e integrano i principi di <b>agro forestazione<\/b> (includendo alberi e arbusti), e non comprano semi ibridi dall\u2019industria, ma li riproducono a partire dalle loro piante, <b>mantenendo il controllo sull\u2019intero processo, dalla semina al raccolto<\/b>.<\/p>\n<\/div>\n<\/div>\n<div id=\"bb743848-3382-4dd2-b1ff-b9226fee30b1\" class=\"c-article-paragraph u-article-paragraph c-article-body_item\">\n<div>\n<p>Una delle realt\u00e0 agricole presenti in Ticino simili a <i>Praz Bonjour<\/i> \u00e8 <a href=\"https:\/\/seminterra.ch\/\" target=\"_blank\" rel=\"noopener\"><b>Seminterra<\/b><\/a>, la cooperativa agricola sul Piano di Magadino che condivide la stessa filosofia. <b>Zeno Boila<\/b>, agricoltore da Seminterra, racconta che \u00abOltre a produrre in armonia con la natura, ci accumuna l\u2019<b>attenzione alla qualit\u00e0 del prodotto<\/b>: preferiamo produrre meno ma avere ortaggi superiori dal punto di vista organolettico e nutritivo\u00bb.<\/p>\n<\/div>\n<\/div>\n<div id=\"e09f4edc-e69f-40b1-962e-d98ac7118be4\" class=\"c-article-heading u-article-heading c-article-body_item\">\n<h4 class=\"inline\">Evitare i mezzi meccanici: una scelta consapevole<\/h4>\n<\/div>\n<div id=\"2945ddbc-e381-4690-93b1-5ecfbe7f4105\" class=\"c-article-paragraph u-article-paragraph c-article-body_item\">\n<div>\n<p>Entrambi <b>non fanno affidamento ai mezzi meccanici:<\/b> dal film emerge bene questo aspetto, soprattutto in contrasto ai massicci lavori che stanno avvenendo sulla strada accanto ai loro campi. Si nota infatti la <b>contrapposizione del loro silenzio rispetto al rumore assordante delle ruspe e dei motori<\/b> a fianco.<\/p>\n<\/div>\n<\/div>\n<div id=\"973c54ed-1479-4abb-b751-09c0d878e63d\" class=\"c-article-paragraph u-article-paragraph c-article-body_item\">\n<div>\n<p>Contrasti che si vivono anche da Seminterra: un esempio \u00e8 quello che ricorda Boila quando, una delle prime estati, aveva piovuto poco e non disponevano ancora un impianto di irrigazione fisso. \u00ab<b>Da una parte c\u2019eravamo noi, che irrigavamo a mano le singole piante<\/b>. Dall\u2019altra, spruzzi enormi irrigavano tutti i campi affianco ai nostri, coprendo tutto il terreno\u00bb.<\/p>\n<\/div>\n<\/div>\n<div id=\"04bb557f-b71d-47bc-8c93-8c327abb93e4\" class=\"c-article-relation c-article-relation-story c-article-relation-extended c-article-body_item\">\n<div class=\"c-article-relation_extended print:shadow-none print:border print:border-neutral-200 print:rounded-lg\">\n<div class=\"c-smart-teaser relative flex h-full\" data-nosnippet=\"\">\n<div class=\"c-smart-teaser-variant-inline flex-1 flex flex-col gap-y-4.5 bg-white p-4 xl:p-5 rounded-lg shadow-card hover:shadow-card-up print:shadow-none -g-indent min-w-0\">\n<div class=\"flex-1 flex gap-x-4 gap-y-4\">\n<div class=\"c-smart-teaser-heading flex-1 flex flex-col flex flex-col flex-1 overflow-hidden\">\n<div class=\"flex-1 flex flex-col items-start gap-y-4.5\">\n<div class=\"w-full flex flex-col items-start gap-y-4.5 flex-1\">\n<div class=\"w-full flex flex-col gap-y-2 items-start\">\n<div class=\"flex flex-col gap-y-1.5 text-left\">\n<div>\n<p class=\"teaser-subtitle text-neutral-700 font-light leading-normal text-teaser-subtitle-sm print:text-[11.2px] line-clamp-3\">Riassumiamo gli aspetti pi\u00f9 importanti dell\u2019agroecologia, un metodo agricolo che permette di lavorare con la natura e non contro di essa<\/p>\n<\/div>\n<\/div>\n<\/div>\n<\/div>\n<\/div>\n<\/div>\n<\/div>\n<\/div>\n<\/div>\n<\/div>\n<\/div>\n<div id=\"c9b47a4b-fbdf-42b1-b41c-5a1719f4510b\" class=\"c-article-paragraph u-article-paragraph c-article-body_item\">\n<div>\n<p>Quella di rinunciare quasi completamente alla meccanizzazione \u00e8 una scelta che riflette la volont\u00e0 di mantenere un <b>sistema di produzione il pi\u00f9 semplice e circolare possibile<\/b>, quindi <b>senza input esterni come combustibili fossili<\/b>.<br \/>\nMa ci sono anche <b>conseguenze concrete<\/b>, come afferma Zeno: \u00abL\u2019aratura con il trattore espone parti del suolo che dovrebbero rimanere protette dal sole e dal vento. Inoltre, il <b>passaggio del trattore compatta il terreno<\/b>, <b>riducendo la sua capacit\u00e0 di trattenere l\u2019acqua<\/b>. Ora che le piogge sono meno frequenti ma pi\u00f9 violente, si nota come le parti in cui \u00e8 passato il trattore si allagano molto pi\u00f9 facilmente\u00bb.<\/p>\n<\/div>\n<\/div>\n<div id=\"31b6e558-db8a-4a7d-bdda-fccb5f4026e1\" class=\"c-article-heading u-article-heading c-article-body_item\">\n<h4 class=\"inline\">Ripensare l\u2019agricoltura<\/h4>\n<\/div>\n<div id=\"d045697b-d8f3-4c78-829c-51f436c2ae45\" class=\"c-article-paragraph u-article-paragraph c-article-body_item\">\n<div>\n<p>Il documentario ricorda quindi che lavorare la terra non \u00e8 solo romantico, ma anche <b>faticoso<\/b> e <b>sfidante<\/b>, specialmente quando si \u00e8 deciso di evitare le macchine e quindi impiegare pi\u00f9 sforzo umano.<br \/>\nMa come sottolinea Alain Wirth, non sono queste difficolt\u00e0 ad ostacolarli; anzi, sulla bilancia pesano di pi\u00f9 la soddisfazione di coltivare la propria terra, occuparsi dell\u2019intero processo e <b>coltivare verdure <\/b>\u201c<b>gustose<\/b>\u201d, <b>coerenti <\/b>e<b> rispettose del paesaggio che abitano<\/b>.<\/p>\n<\/div>\n<\/div>\n<div id=\"c134cb6c-55da-4c23-b54b-146bd67c016a\" class=\"c-article-paragraph u-article-paragraph c-article-body_item\">\n<div>\n<p>Il documentario evidenzia le sfide affrontate dagli agricoltori nel sostenersi economicamente attraverso i pagamenti diretti. <b>Seminterra<\/b>, tuttavia, si distingue in questo aspetto: essendo costituita come <b>cooperativa, non \u00e8 idonea a ricevere questo sistema di sussidi previsti dalla politica agricola svizzera.<\/b><\/p>\n<\/div>\n<\/div>\n<div id=\"2d986d7c-4e45-4c96-be3b-799f8a139eb9\" class=\"c-article-paragraph u-article-paragraph c-article-body_item\">\n<div>\n<p>Loro sono infatti una <b>Comunit\u00e0 supportata dall\u2019agricoltura<\/b> (<b>CSA<\/b>), un modello che si basa sulla sottoscrizione di un abbonamento annuale per ricevere <b>cassette settimanali di ortaggi di stagione<\/b>. \u00c8 un sistema che <b>ridefinisce il rapporto tra produttori e consumatori<\/b>: i soci condividono rischi e benefici della produzione agricola, contribuendo con giornate di lavoro sui campi. Pur non avendo la garanzia di prodotti specifici come in un supermercato, chi paga l\u2019abbonamento gode della soddisfazione di <b>partecipare attivamente alla coltivazione del proprio cibo<\/b>, promuovendo un\u2019agricoltura sostenibile e una connessione diretta con la terra.<\/p>\n<\/div>\n<\/div>\n<div id=\"c9896468-9f67-4c72-879f-4f3dfa088129\" class=\"c-article-paragraph u-article-paragraph c-article-body_item\">\n<div>\n<p>In questo caso \u00e8 quindi centrale l<b>\u2019aspetto collettivo e sociale<\/b>, che emerge in modo minore per il progetto di <i>Praz Bonjour. <\/i>Ed \u00e8 proprio questo un elemento irrinunciabile per Zeno quando pensa a un futuro ideale per l\u2019agricoltura: \u00abOltre all\u2019attenzione per la biodiversit\u00e0, \u00e8 fondamentale per me il <b>coinvolgimento delle consumatrici e consumatori<\/b>. Se vogliamo cambiare il sistema alimentare, non si pu\u00f2 non pensare alla dimensione cooperativa\u00bb.<\/p>\n<\/div>\n<\/div>\n<\/div>\n<\/section>\n<\/div>\n<\/div>\n","protected":false},"excerpt":{"rendered":"<p>Il documentario svizzero \u201cLe go\u00fbt de choses\u201d racconta un progetto [&hellip;]<\/p>\n","protected":false},"author":2,"featured_media":3147,"comment_status":"closed","ping_status":"closed","sticky":false,"template":"","format":"standard","meta":{"footnotes":""},"categories":[6],"tags":[],"class_list":["post-3494","post","type-post","status-publish","format-standard","has-post-thumbnail","hentry","category-rassegna-stampa"],"_links":{"self":[{"href":"https:\/\/seminterra.ch\/index.php?rest_route=\/wp\/v2\/posts\/3494","targetHints":{"allow":["GET"]}}],"collection":[{"href":"https:\/\/seminterra.ch\/index.php?rest_route=\/wp\/v2\/posts"}],"about":[{"href":"https:\/\/seminterra.ch\/index.php?rest_route=\/wp\/v2\/types\/post"}],"author":[{"embeddable":true,"href":"https:\/\/seminterra.ch\/index.php?rest_route=\/wp\/v2\/users\/2"}],"replies":[{"embeddable":true,"href":"https:\/\/seminterra.ch\/index.php?rest_route=%2Fwp%2Fv2%2Fcomments&post=3494"}],"version-history":[{"count":2,"href":"https:\/\/seminterra.ch\/index.php?rest_route=\/wp\/v2\/posts\/3494\/revisions"}],"predecessor-version":[{"id":3497,"href":"https:\/\/seminterra.ch\/index.php?rest_route=\/wp\/v2\/posts\/3494\/revisions\/3497"}],"wp:featuredmedia":[{"embeddable":true,"href":"https:\/\/seminterra.ch\/index.php?rest_route=\/wp\/v2\/media\/3147"}],"wp:attachment":[{"href":"https:\/\/seminterra.ch\/index.php?rest_route=%2Fwp%2Fv2%2Fmedia&parent=3494"}],"wp:term":[{"taxonomy":"category","embeddable":true,"href":"https:\/\/seminterra.ch\/index.php?rest_route=%2Fwp%2Fv2%2Fcategories&post=3494"},{"taxonomy":"post_tag","embeddable":true,"href":"https:\/\/seminterra.ch\/index.php?rest_route=%2Fwp%2Fv2%2Ftags&post=3494"}],"curies":[{"name":"wp","href":"https:\/\/api.w.org\/{rel}","templated":true}]}}